{"id":9550,"date":"2025-01-03T09:59:05","date_gmt":"2025-01-03T12:59:05","guid":{"rendered":"https:\/\/colegiosantotomasuberlandia.org\/?p=9550"},"modified":"2025-12-12T21:13:26","modified_gmt":"2025-12-13T00:13:26","slug":"calendario-escolar-2025","status":"publish","type":"post","link":"https:\/\/colegiosantotomasuberlandia.org\/?p=9550","title":{"rendered":"Calend\u00e1rio Escolar &#8211; 2026"},"content":{"rendered":"\n<p>Compartilhamos os Calend\u00e1rios Escolares do Col\u00e9gio Santo Tom\u00e1s de Aquino para o ano de 2026, aprovado pela Superintend\u00eancia Regional de Ensino:<\/p>\n\n\n\n<p><a href=\"https:\/\/colegiosantotomasuberlandia.org\/wp-content\/uploads\/2024\/01\/Calendario-Escolar-2024.pdf\" rel=\"noreferrer noopener\" target=\"_blank\"><\/a><\/p>\n\n\n\n<div class=\"wp-block-uagb-container uagb-block-030f23d1 alignfull uagb-is-root-container\"><div class=\"uagb-container-inner-blocks-wrap\">\n<div class=\"wp-block-uagb-container uagb-block-5a4c69c7\">\n<div class=\"wp-block-buttons is-content-justification-center is-layout-flex wp-container-core-buttons-is-layout-a89b3969 wp-block-buttons-is-layout-flex\">\n<div class=\"wp-block-button is-style-fill\"><a class=\"wp-block-button__link has-luminous-vivid-amber-background-color has-text-color has-background has-link-color wp-element-button\" href=\"http:\/\/colegiosantotomasuberlandia.org\/wp-content\/uploads\/2025\/12\/Calendario-CSTA-2026-Ed.-Infantil.pdf\" style=\"color:#895129\">Educa\u00e7\u00e3o Infantil<\/a><\/div>\n<\/div>\n<\/div>\n\n\n\n<div class=\"wp-block-uagb-container uagb-block-85509088\">\n<div class=\"wp-block-buttons is-content-justification-center is-layout-flex wp-container-core-buttons-is-layout-a89b3969 wp-block-buttons-is-layout-flex\">\n<div class=\"wp-block-button is-style-fill\"><a class=\"wp-block-button__link has-luminous-vivid-amber-background-color has-text-color has-background has-link-color wp-element-button\" href=\"http:\/\/colegiosantotomasuberlandia.org\/wp-content\/uploads\/2025\/12\/Calendario-CSTA-2026-Fundamental.pdf\" style=\"color:#895129\">Ensino Fundamental<\/a><\/div>\n<\/div>\n<\/div>\n<\/div><\/div>\n\n\n\n<p><\/p>\n","protected":false},"excerpt":{"rendered":"<p>Compartilhamos os Calend\u00e1rios Escolares do Col\u00e9gio Santo Tom\u00e1s de Aquino para o ano de 2026, aprovado pela Superintend\u00eancia Regional de [&hellip;]<\/p>\n","protected":false},"author":1,"featured_media":9269,"comment_status":"open","ping_status":"open","sticky":false,"template":"","format":"standard","meta":{"_editorskit_title_hidden":false,"_editorskit_reading_time":0,"_editorskit_is_block_options_detached":false,"_editorskit_block_options_position":"{}","_uag_custom_page_level_css":"","site-sidebar-layout":"default","site-content-layout":"","ast-site-content-layout":"","site-content-style":"default","site-sidebar-style":"default","ast-global-header-display":"","ast-banner-title-visibility":"","ast-main-header-display":"","ast-hfb-above-header-display":"","ast-hfb-below-header-display":"","ast-hfb-mobile-header-display":"","site-post-title":"","ast-breadcrumbs-content":"","ast-featured-img":"","footer-sml-layout":"","theme-transparent-header-meta":"","adv-header-id-meta":"","stick-header-meta":"","header-above-stick-meta":"","header-main-stick-meta":"","header-below-stick-meta":"","astra-migrate-meta-layouts":"default","ast-page-background-enabled":"default","ast-page-background-meta":{"desktop":{"background-color":"var(--ast-global-color-4)","background-image":"","background-repeat":"repeat","background-position":"center center","background-size":"auto","background-attachment":"scroll","background-type":"","background-media":"","overlay-type":"","overlay-color":"","overlay-gradient":""},"tablet":{"background-color":"","background-image":"","background-repeat":"repeat","background-position":"center center","background-size":"auto","background-attachment":"scroll","background-type":"","background-media":"","overlay-type":"","overlay-color":"","overlay-gradient":""},"mobile":{"background-color":"","background-image":"","background-repeat":"repeat","background-position":"center center","background-size":"auto","background-attachment":"scroll","background-type":"","background-media":"","overlay-type":"","overlay-color":"","overlay-gradient":""}},"ast-content-background-meta":{"desktop":{"background-color":"var(--ast-global-color-5)","background-image":"","background-repeat":"repeat","background-position":"center center","background-size":"auto","background-attachment":"scroll","background-type":"","background-media":"","overlay-type":"","overlay-color":"","overlay-gradient":""},"tablet":{"background-color":"var(--ast-global-color-5)","background-image":"","background-repeat":"repeat","background-position":"center center","background-size":"auto","background-attachment":"scroll","background-type":"","background-media":"","overlay-type":"","overlay-color":"","overlay-gradient":""},"mobile":{"background-color":"var(--ast-global-color-5)","background-image":"","background-repeat":"repeat","background-position":"center center","background-size":"auto","background-attachment":"scroll","background-type":"","background-media":"","overlay-type":"","overlay-color":"","overlay-gradient":""}},"footnotes":""},"categories":[6],"tags":[162,163,9,17,18,52],"class_list":["post-9550","post","type-post","status-publish","format-standard","has-post-thumbnail","hentry","category-vida-escolar","tag-calendario-escolar","tag-calendario-escolar-2025","tag-colegio-santo-tomas-de-aquino","tag-educacao-catolica","tag-educacao-classica","tag-uberlandia"],"aioseo_notices":[],"uagb_featured_image_src":{"full":["https:\/\/colegiosantotomasuberlandia.org\/wp-content\/uploads\/2024\/01\/colegio-sao-tomas-de-aquino-1.png",500,142,false],"thumbnail":["https:\/\/colegiosantotomasuberlandia.org\/wp-content\/uploads\/2024\/01\/colegio-sao-tomas-de-aquino-1-150x142.png",150,142,true],"medium":["https:\/\/colegiosantotomasuberlandia.org\/wp-content\/uploads\/2024\/01\/colegio-sao-tomas-de-aquino-1-300x85.png",300,85,true],"medium_large":["https:\/\/colegiosantotomasuberlandia.org\/wp-content\/uploads\/2024\/01\/colegio-sao-tomas-de-aquino-1.png",500,142,false],"large":["https:\/\/colegiosantotomasuberlandia.org\/wp-content\/uploads\/2024\/01\/colegio-sao-tomas-de-aquino-1.png",500,142,false],"1536x1536":["https:\/\/colegiosantotomasuberlandia.org\/wp-content\/uploads\/2024\/01\/colegio-sao-tomas-de-aquino-1.png",500,142,false],"2048x2048":["https:\/\/colegiosantotomasuberlandia.org\/wp-content\/uploads\/2024\/01\/colegio-sao-tomas-de-aquino-1.png",500,142,false]},"uagb_author_info":{"display_name":"csta","author_link":"https:\/\/colegiosantotomasuberlandia.org\/?author=1"},"uagb_comment_info":30,"uagb_excerpt":"Compartilhamos os Calend\u00e1rios Escolares do Col\u00e9gio Santo Tom\u00e1s de Aquino para o ano de 2026, aprovado pela Superintend\u00eancia Regional de [&hellip;]","_links":{"self":[{"href":"https:\/\/colegiosantotomasuberlandia.org\/index.php?rest_route=\/wp\/v2\/posts\/9550","targetHints":{"allow":["GET"]}}],"collection":[{"href":"https:\/\/colegiosantotomasuberlandia.org\/index.php?rest_route=\/wp\/v2\/posts"}],"about":[{"href":"https:\/\/colegiosantotomasuberlandia.org\/index.php?rest_route=\/wp\/v2\/types\/post"}],"author":[{"embeddable":true,"href":"https:\/\/colegiosantotomasuberlandia.org\/index.php?rest_route=\/wp\/v2\/users\/1"}],"replies":[{"embeddable":true,"href":"https:\/\/colegiosantotomasuberlandia.org\/index.php?rest_route=%2Fwp%2Fv2%2Fcomments&post=9550"}],"version-history":[{"count":5,"href":"https:\/\/colegiosantotomasuberlandia.org\/index.php?rest_route=\/wp\/v2\/posts\/9550\/revisions"}],"predecessor-version":[{"id":9641,"href":"https:\/\/colegiosantotomasuberlandia.org\/index.php?rest_route=\/wp\/v2\/posts\/9550\/revisions\/9641"}],"wp:featuredmedia":[{"embeddable":true,"href":"https:\/\/colegiosantotomasuberlandia.org\/index.php?rest_route=\/wp\/v2\/media\/9269"}],"wp:attachment":[{"href":"https:\/\/colegiosantotomasuberlandia.org\/index.php?rest_route=%2Fwp%2Fv2%2Fmedia&parent=9550"}],"wp:term":[{"taxonomy":"category","embeddable":true,"href":"https:\/\/colegiosantotomasuberlandia.org\/index.php?rest_route=%2Fwp%2Fv2%2Fcategories&post=9550"},{"taxonomy":"post_tag","embeddable":true,"href":"https:\/\/colegiosantotomasuberlandia.org\/index.php?rest_route=%2Fwp%2Fv2%2Ftags&post=9550"}],"curies":[{"name":"wp","href":"https:\/\/api.w.org\/{rel}","templated":true}]}}