{"id":9363,"date":"2024-07-27T15:04:24","date_gmt":"2024-07-27T18:04:24","guid":{"rendered":"https:\/\/colegiosantotomasuberlandia.org\/?p=9363"},"modified":"2024-08-02T08:13:20","modified_gmt":"2024-08-02T11:13:20","slug":"ii-simposio-de-educacao-classica-catolica-do-triangulo-mineiro","status":"publish","type":"post","link":"https:\/\/colegiosantotomasuberlandia.org\/?p=9363","title":{"rendered":"II Simp\u00f3sio de Educa\u00e7\u00e3o Cl\u00e1ssica Cat\u00f3lica do Tri\u00e2ngulo Mineiro"},"content":{"rendered":"\n<p class=\"has-medium-font-size\">Vem a\u00ed o II Simp\u00f3sio de Educa\u00e7\u00e3o Cl\u00e1ssica Cat\u00f3lica do Tri\u00e2ngulo Mineiro. <\/p>\n\n\n\n<p class=\"has-medium-font-size\">Nesse evento do Col\u00e9gio Santo Tom\u00e1s de Aquino, primeiro ap\u00f3s o in\u00edcio de nossas atividades,  ser\u00e3o dados os fundamentos da Educa\u00e7\u00e3o Cl\u00e1ssica Cat\u00f3lica na contemporaneidade, com conte\u00fado aberto ao p\u00fablico e certifica\u00e7\u00e3o de horas complementares.<\/p>\n\n\n\n<p class=\"has-ast-global-color-6-background-color has-background has-medium-font-size\" style=\"font-style:normal;font-weight:400\"><strong>Data:<\/strong> 19 de outubro de 2024 <br><strong>Hor\u00e1rio<\/strong>: Das 7 \u00e0s 18 horas. <br><strong>Local: <\/strong>Instituto Santa Clara (Avenida Professora Juven\u00edlia dos Santos, 1659, Santa M\u00f4nica). <br><strong>Inscri\u00e7\u00f5es: <\/strong><a href=\"https:\/\/forms.gle\/2hrc1J2qTmW3mGkU6\" title=\"CLIQUE AQUI\">CLIQUE AQUI<\/a><\/p>\n\n\n\n<h2 class=\"wp-block-heading has-text-align-center\"><strong>CONFERENCISTAS<\/strong><\/h2>\n\n\n\n<figure class=\"wp-block-gallery has-nested-images columns-default is-cropped wp-block-gallery-1 is-layout-flex wp-block-gallery-is-layout-flex\">\n<figure class=\"wp-block-image size-full is-style-default\"><img loading=\"lazy\" decoding=\"async\" width=\"1080\" height=\"1080\" data-id=\"9364\" src=\"https:\/\/colegiosantotomasuberlandia.org\/wp-content\/uploads\/2024\/07\/Conferencistas-Pe.-Braulio.jpeg\" alt=\"\" class=\"wp-image-9364\" srcset=\"https:\/\/colegiosantotomasuberlandia.org\/wp-content\/uploads\/2024\/07\/Conferencistas-Pe.-Braulio.jpeg 1080w, https:\/\/colegiosantotomasuberlandia.org\/wp-content\/uploads\/2024\/07\/Conferencistas-Pe.-Braulio-300x300.jpeg 300w, https:\/\/colegiosantotomasuberlandia.org\/wp-content\/uploads\/2024\/07\/Conferencistas-Pe.-Braulio-1024x1024.jpeg 1024w, https:\/\/colegiosantotomasuberlandia.org\/wp-content\/uploads\/2024\/07\/Conferencistas-Pe.-Braulio-150x150.jpeg 150w, https:\/\/colegiosantotomasuberlandia.org\/wp-content\/uploads\/2024\/07\/Conferencistas-Pe.-Braulio-768x768.jpeg 768w\" sizes=\"auto, (max-width: 1080px) 100vw, 1080px\" \/><\/figure>\n<\/figure>\n\n\n\n<figure class=\"wp-block-image size-full\"><img loading=\"lazy\" decoding=\"async\" width=\"1080\" height=\"1080\" src=\"https:\/\/colegiosantotomasuberlandia.org\/wp-content\/uploads\/2024\/07\/Conferencistas-Ir.-Ana-Maria.jpeg\" alt=\"\" class=\"wp-image-9368\" srcset=\"https:\/\/colegiosantotomasuberlandia.org\/wp-content\/uploads\/2024\/07\/Conferencistas-Ir.-Ana-Maria.jpeg 1080w, https:\/\/colegiosantotomasuberlandia.org\/wp-content\/uploads\/2024\/07\/Conferencistas-Ir.-Ana-Maria-300x300.jpeg 300w, https:\/\/colegiosantotomasuberlandia.org\/wp-content\/uploads\/2024\/07\/Conferencistas-Ir.-Ana-Maria-1024x1024.jpeg 1024w, https:\/\/colegiosantotomasuberlandia.org\/wp-content\/uploads\/2024\/07\/Conferencistas-Ir.-Ana-Maria-150x150.jpeg 150w, https:\/\/colegiosantotomasuberlandia.org\/wp-content\/uploads\/2024\/07\/Conferencistas-Ir.-Ana-Maria-768x768.jpeg 768w\" sizes=\"auto, (max-width: 1080px) 100vw, 1080px\" \/><\/figure>\n\n\n\n<figure class=\"wp-block-image size-large\"><img loading=\"lazy\" decoding=\"async\" width=\"1024\" height=\"1024\" src=\"http:\/\/colegiosantotomasuberlandia.org\/wp-content\/uploads\/2024\/07\/Conferencistas-Prof.-Marcelo-Andrade-1024x1024.jpeg\" alt=\"\" class=\"wp-image-9365\" srcset=\"https:\/\/colegiosantotomasuberlandia.org\/wp-content\/uploads\/2024\/07\/Conferencistas-Prof.-Marcelo-Andrade-1024x1024.jpeg 1024w, https:\/\/colegiosantotomasuberlandia.org\/wp-content\/uploads\/2024\/07\/Conferencistas-Prof.-Marcelo-Andrade-300x300.jpeg 300w, https:\/\/colegiosantotomasuberlandia.org\/wp-content\/uploads\/2024\/07\/Conferencistas-Prof.-Marcelo-Andrade-150x150.jpeg 150w, https:\/\/colegiosantotomasuberlandia.org\/wp-content\/uploads\/2024\/07\/Conferencistas-Prof.-Marcelo-Andrade-768x768.jpeg 768w, https:\/\/colegiosantotomasuberlandia.org\/wp-content\/uploads\/2024\/07\/Conferencistas-Prof.-Marcelo-Andrade.jpeg 1080w\" sizes=\"auto, (max-width: 1024px) 100vw, 1024px\" \/><\/figure>\n\n\n\n<p class=\"has-medium-font-size\"><strong>Participe conosco!<\/strong><\/p>\n\n\n\n<h2 class=\"wp-block-heading has-text-align-center\">PROGRAMA\u00c7\u00c3O<\/h2>\n\n\n\n<figure class=\"wp-block-image size-large\"><img loading=\"lazy\" decoding=\"async\" width=\"1024\" height=\"1024\" src=\"https:\/\/colegiosantotomasuberlandia.org\/wp-content\/uploads\/2024\/07\/Programacao-Simposio-1024x1024.jpeg\" alt=\"\" class=\"wp-image-9391\" srcset=\"https:\/\/colegiosantotomasuberlandia.org\/wp-content\/uploads\/2024\/07\/Programacao-Simposio-1024x1024.jpeg 1024w, https:\/\/colegiosantotomasuberlandia.org\/wp-content\/uploads\/2024\/07\/Programacao-Simposio-300x300.jpeg 300w, https:\/\/colegiosantotomasuberlandia.org\/wp-content\/uploads\/2024\/07\/Programacao-Simposio-150x150.jpeg 150w, https:\/\/colegiosantotomasuberlandia.org\/wp-content\/uploads\/2024\/07\/Programacao-Simposio-768x768.jpeg 768w, https:\/\/colegiosantotomasuberlandia.org\/wp-content\/uploads\/2024\/07\/Programacao-Simposio.jpeg 1080w\" sizes=\"auto, (max-width: 1024px) 100vw, 1024px\" \/><\/figure>\n","protected":false},"excerpt":{"rendered":"<p>Vem a\u00ed o II Simp\u00f3sio de Educa\u00e7\u00e3o Cl\u00e1ssica Cat\u00f3lica do Tri\u00e2ngulo Mineiro, organizado pelo Col\u00e9gio Santo Tom\u00e1s de Aquino de Uberl\u00e2ndia\/MG. Participe conosco!<\/p>\n","protected":false},"author":1,"featured_media":9382,"comment_status":"open","ping_status":"open","sticky":true,"template":"","format":"standard","meta":{"_editorskit_title_hidden":false,"_editorskit_reading_time":0,"_editorskit_is_block_options_detached":false,"_editorskit_block_options_position":"{}","_uag_custom_page_level_css":"","site-sidebar-layout":"default","site-content-layout":"","ast-site-content-layout":"","site-content-style":"default","site-sidebar-style":"default","ast-global-header-display":"","ast-banner-title-visibility":"","ast-main-header-display":"","ast-hfb-above-header-display":"","ast-hfb-below-header-display":"","ast-hfb-mobile-header-display":"","site-post-title":"","ast-breadcrumbs-content":"","ast-featured-img":"","footer-sml-layout":"","theme-transparent-header-meta":"","adv-header-id-meta":"","stick-header-meta":"","header-above-stick-meta":"","header-main-stick-meta":"","header-below-stick-meta":"","astra-migrate-meta-layouts":"default","ast-page-background-enabled":"default","ast-page-background-meta":{"desktop":{"background-color":"var(--ast-global-color-4)","background-image":"","background-repeat":"repeat","background-position":"center center","background-size":"auto","background-attachment":"scroll","background-type":"","background-media":"","overlay-type":"","overlay-color":"","overlay-gradient":""},"tablet":{"background-color":"","background-image":"","background-repeat":"repeat","background-position":"center center","background-size":"auto","background-attachment":"scroll","background-type":"","background-media":"","overlay-type":"","overlay-color":"","overlay-gradient":""},"mobile":{"background-color":"","background-image":"","background-repeat":"repeat","background-position":"center center","background-size":"auto","background-attachment":"scroll","background-type":"","background-media":"","overlay-type":"","overlay-color":"","overlay-gradient":""}},"ast-content-background-meta":{"desktop":{"background-color":"var(--ast-global-color-5)","background-image":"","background-repeat":"repeat","background-position":"center center","background-size":"auto","background-attachment":"scroll","background-type":"","background-media":"","overlay-type":"","overlay-color":"","overlay-gradient":""},"tablet":{"background-color":"var(--ast-global-color-5)","background-image":"","background-repeat":"repeat","background-position":"center center","background-size":"auto","background-attachment":"scroll","background-type":"","background-media":"","overlay-type":"","overlay-color":"","overlay-gradient":""},"mobile":{"background-color":"var(--ast-global-color-5)","background-image":"","background-repeat":"repeat","background-position":"center center","background-size":"auto","background-attachment":"scroll","background-type":"","background-media":"","overlay-type":"","overlay-color":"","overlay-gradient":""}},"footnotes":""},"categories":[2,6],"tags":[16,17,18,64,34,46,52],"class_list":["post-9363","post","type-post","status-publish","format-standard","has-post-thumbnail","hentry","category-eventos","category-vida-escolar","tag-educacao","tag-educacao-catolica","tag-educacao-classica","tag-ii-simposio-de-educacao-classica-catolica-do-triangulo-mineiro","tag-missa-tridentina-em-uberlandia","tag-simposio","tag-uberlandia"],"aioseo_notices":[],"uagb_featured_image_src":{"full":["https:\/\/colegiosantotomasuberlandia.org\/wp-content\/uploads\/2024\/07\/Capa-Simposio.jpeg",1083,683,false],"thumbnail":["https:\/\/colegiosantotomasuberlandia.org\/wp-content\/uploads\/2024\/07\/Capa-Simposio-150x150.jpeg",150,150,true],"medium":["https:\/\/colegiosantotomasuberlandia.org\/wp-content\/uploads\/2024\/07\/Capa-Simposio-300x189.jpeg",300,189,true],"medium_large":["https:\/\/colegiosantotomasuberlandia.org\/wp-content\/uploads\/2024\/07\/Capa-Simposio-768x484.jpeg",768,484,true],"large":["https:\/\/colegiosantotomasuberlandia.org\/wp-content\/uploads\/2024\/07\/Capa-Simposio-1024x646.jpeg",1024,646,true],"1536x1536":["https:\/\/colegiosantotomasuberlandia.org\/wp-content\/uploads\/2024\/07\/Capa-Simposio.jpeg",1083,683,false],"2048x2048":["https:\/\/colegiosantotomasuberlandia.org\/wp-content\/uploads\/2024\/07\/Capa-Simposio.jpeg",1083,683,false]},"uagb_author_info":{"display_name":"csta","author_link":"https:\/\/colegiosantotomasuberlandia.org\/?author=1"},"uagb_comment_info":5,"uagb_excerpt":"Vem a\u00ed o II Simp\u00f3sio de Educa\u00e7\u00e3o Cl\u00e1ssica Cat\u00f3lica do Tri\u00e2ngulo Mineiro, organizado pelo Col\u00e9gio Santo Tom\u00e1s de Aquino de Uberl\u00e2ndia\/MG. Participe conosco!","_links":{"self":[{"href":"https:\/\/colegiosantotomasuberlandia.org\/index.php?rest_route=\/wp\/v2\/posts\/9363","targetHints":{"allow":["GET"]}}],"collection":[{"href":"https:\/\/colegiosantotomasuberlandia.org\/index.php?rest_route=\/wp\/v2\/posts"}],"about":[{"href":"https:\/\/colegiosantotomasuberlandia.org\/index.php?rest_route=\/wp\/v2\/types\/post"}],"author":[{"embeddable":true,"href":"https:\/\/colegiosantotomasuberlandia.org\/index.php?rest_route=\/wp\/v2\/users\/1"}],"replies":[{"embeddable":true,"href":"https:\/\/colegiosantotomasuberlandia.org\/index.php?rest_route=%2Fwp%2Fv2%2Fcomments&post=9363"}],"version-history":[{"count":11,"href":"https:\/\/colegiosantotomasuberlandia.org\/index.php?rest_route=\/wp\/v2\/posts\/9363\/revisions"}],"predecessor-version":[{"id":9393,"href":"https:\/\/colegiosantotomasuberlandia.org\/index.php?rest_route=\/wp\/v2\/posts\/9363\/revisions\/9393"}],"wp:featuredmedia":[{"embeddable":true,"href":"https:\/\/colegiosantotomasuberlandia.org\/index.php?rest_route=\/wp\/v2\/media\/9382"}],"wp:attachment":[{"href":"https:\/\/colegiosantotomasuberlandia.org\/index.php?rest_route=%2Fwp%2Fv2%2Fmedia&parent=9363"}],"wp:term":[{"taxonomy":"category","embeddable":true,"href":"https:\/\/colegiosantotomasuberlandia.org\/index.php?rest_route=%2Fwp%2Fv2%2Fcategories&post=9363"},{"taxonomy":"post_tag","embeddable":true,"href":"https:\/\/colegiosantotomasuberlandia.org\/index.php?rest_route=%2Fwp%2Fv2%2Ftags&post=9363"}],"curies":[{"name":"wp","href":"https:\/\/api.w.org\/{rel}","templated":true}]}}