{"id":8980,"date":"2019-10-19T12:15:42","date_gmt":"2019-10-19T15:15:42","guid":{"rendered":"https:\/\/colegiosantotomasuberlandia.org\/?p=8980"},"modified":"2019-10-19T12:15:42","modified_gmt":"2019-10-19T15:15:42","slug":"ii-simposio-summorum-pontificum-de-uberlandia-e-regiao","status":"publish","type":"post","link":"https:\/\/colegiosantotomasuberlandia.org\/?p=8980","title":{"rendered":"II Simp\u00f3sio Summorum Pontificum de Uberl\u00e2ndia e Regi\u00e3o"},"content":{"rendered":"<p style=\"text-align:justify;\">J\u00e1 est\u00e3o abertas as inscri\u00e7\u00f5es para o\u00a0<em>II Simp\u00f3sio Summorum Pontificum de Uberl\u00e2ndia e Regi\u00e3o,\u00a0<\/em>a se realizar em novembro deste ano, promovido pela Irmandade Nossa Senhora do Carmo, com apoio do Col\u00e9gio Santo Tom\u00e1s de Aquino. Confira algumas informa\u00e7\u00f5es e se inscreva:<\/p>\n<p style=\"text-align:justify;\"><span style=\"color:#000000;\">O Simp\u00f3sio teve sua 1\u00aa edi\u00e7\u00e3o em 12, 13 e 14 de outubro de 2018, com o tema <em>Conhecimento e aprofundamento sobre a Tradi\u00e7\u00e3o da Igreja,\u00a0<\/em>realizado na forma de retiro.\u00a0<\/span><\/p>\n<p style=\"text-align:justify;\"><span style=\"color:#000000;\">Em 2019, a 2\u00aa edi\u00e7\u00e3o traz um novo formato, com palestras de conferencistas convidados, que tratar\u00e3o da\u00a0<em>Reforma Lit\u00fargica e a Crise na Igreja<\/em>.\u00a0<\/span><\/p>\n<p><span style=\"color:#000000;\"><strong style=\"font-size:1rem;\"><span style=\"text-decoration:underline;\">TEMA<\/span>:\u00a0<\/strong>Reforma Lit\u00fargica e a crise na Igreja;<\/span><\/p>\n<p style=\"text-align:justify;\"><span style=\"color:#000000;\"><strong style=\"font-size:1rem;\"><span style=\"text-decoration:underline;\">LOCAL E ENDERE\u00c7O<\/span>:\u00a0<\/strong>Santu\u00e1rio Nossa Senhora Aparecida &#8211; Sala Esperan\u00e7a.<b> <\/b><\/span><span style=\"color:#000000;\">Pra\u00e7a Nossa Senhora Aparecida, 100, Bairro Nossa Senhora Aparecida, Uberl\u00e2ndia-MG;<\/span><\/p>\n<p><span style=\"color:#000000;\"><strong style=\"font-size:1rem;\"><span style=\"text-decoration:underline;\">DATA<\/span>:\u00a0<\/strong>15 e 16\/11\/2019;<\/span><\/p>\n<p><span style=\"color:#000000;\"><span style=\"text-decoration:underline;\"><strong>TAXA:<\/strong><\/span> R$ 60,00, divididos em at\u00e9 12 vezes.<\/span><\/p>\n<p><span style=\"color:#000000;\"><span style=\"text-decoration:underline;\"><strong>INSCRI\u00c7\u00d5ES<\/strong><\/span><span style=\"text-decoration:underline;\">:<\/span> <span style=\"color:#0000ff;\"><a style=\"color:#0000ff;\" href=\"https:\/\/www.sympla.com.br\/ii-simposio-summorum-pontificum__615257?fbclid=IwAR3CdBNphZLnMsbSxqZcGobv1DvljCXwh_CzZesP2EYx_XheLUr7ttSOxT0\">clique aqui<\/a><\/span><\/span><\/p>\n<hr \/>\n<p><span style=\"text-decoration:underline;\"><strong><span style=\"color:#000000;text-decoration:underline;\">CONFERENCISTAS:<\/span><\/strong><\/span><\/p>\n<p>&#8211; Prof. Dr. Andr\u00e9 Melo<\/p>\n<p>&#8211; Prof\u00aa Dr\u00aa. Laura Palma<\/p>\n<p>&#8211; Prof. Me. Fernando Schlithler<\/p>\n<p style=\"text-align:center;\"><img loading=\"lazy\" decoding=\"async\" class=\" wp-image-8983 aligncenter\" src=\"https:\/\/colegiosantotomasuberlandia.org\/wp-content\/uploads\/2019\/10\/img-20191019-wa00023017958275887506280.jpg?w=300\" alt=\"\" width=\"474\" height=\"474\" \/><\/p>\n","protected":false},"excerpt":{"rendered":"<p>J\u00e1 est\u00e3o abertas as inscri\u00e7\u00f5es para o\u00a0II Simp\u00f3sio Summorum Pontificum de Uberl\u00e2ndia e Regi\u00e3o,\u00a0a se realizar em novembro deste ano, [&hellip;]<\/p>\n","protected":false},"author":2,"featured_media":8982,"comment_status":"open","ping_status":"open","sticky":false,"template":"","format":"standard","meta":{"_editorskit_title_hidden":false,"_editorskit_reading_time":0,"_editorskit_is_block_options_detached":false,"_editorskit_block_options_position":"{}","_uag_custom_page_level_css":"","site-sidebar-layout":"default","site-content-layout":"","ast-site-content-layout":"","site-content-style":"default","site-sidebar-style":"default","ast-global-header-display":"","ast-banner-title-visibility":"","ast-main-header-display":"","ast-hfb-above-header-display":"","ast-hfb-below-header-display":"","ast-hfb-mobile-header-display":"","site-post-title":"","ast-breadcrumbs-content":"","ast-featured-img":"","footer-sml-layout":"","theme-transparent-header-meta":"","adv-header-id-meta":"","stick-header-meta":"","header-above-stick-meta":"","header-main-stick-meta":"","header-below-stick-meta":"","astra-migrate-meta-layouts":"default","ast-page-background-enabled":"default","ast-page-background-meta":{"desktop":{"background-color":"var(--ast-global-color-4)","background-image":"","background-repeat":"repeat","background-position":"center center","background-size":"auto","background-attachment":"scroll","background-type":"","background-media":"","overlay-type":"","overlay-color":"","overlay-gradient":""},"tablet":{"background-color":"","background-image":"","background-repeat":"repeat","background-position":"center center","background-size":"auto","background-attachment":"scroll","background-type":"","background-media":"","overlay-type":"","overlay-color":"","overlay-gradient":""},"mobile":{"background-color":"","background-image":"","background-repeat":"repeat","background-position":"center center","background-size":"auto","background-attachment":"scroll","background-type":"","background-media":"","overlay-type":"","overlay-color":"","overlay-gradient":""}},"ast-content-background-meta":{"desktop":{"background-color":"var(--ast-global-color-5)","background-image":"","background-repeat":"repeat","background-position":"center center","background-size":"auto","background-attachment":"scroll","background-type":"","background-media":"","overlay-type":"","overlay-color":"","overlay-gradient":""},"tablet":{"background-color":"var(--ast-global-color-5)","background-image":"","background-repeat":"repeat","background-position":"center center","background-size":"auto","background-attachment":"scroll","background-type":"","background-media":"","overlay-type":"","overlay-color":"","overlay-gradient":""},"mobile":{"background-color":"var(--ast-global-color-5)","background-image":"","background-repeat":"repeat","background-position":"center center","background-size":"auto","background-attachment":"scroll","background-type":"","background-media":"","overlay-type":"","overlay-color":"","overlay-gradient":""}},"footnotes":""},"categories":[2,3],"tags":[11,25,26,27,31,33,34,42,43,44,47,48,49,50,52,53],"class_list":["post-8980","post","type-post","status-publish","format-standard","has-post-thumbnail","hentry","category-eventos","category-irmandade-nossa-senhora-do-carmo","tag-crise-na-igreja","tag-ii-simposio-summorum-pontificum-de-uberlandia-e-regiao","tag-inscricoes","tag-irmandade-do-carmo","tag-liturgia-catolica","tag-missa-tridentina","tag-missa-tridentina-em-uberlandia","tag-reforma-liturgica","tag-rito-novo","tag-rito-romano-tradicional","tag-simposio-catolico","tag-summorum-pontificum","tag-tradicao","tag-tradicao-catolica","tag-uberlandia","tag-uberlandia-e-regiao"],"aioseo_notices":[],"uagb_featured_image_src":{"full":false,"thumbnail":false,"medium":false,"medium_large":false,"large":false,"1536x1536":false,"2048x2048":false},"uagb_author_info":{"display_name":"Colegio Santo Tomas","author_link":"https:\/\/colegiosantotomasuberlandia.org\/?author=2"},"uagb_comment_info":0,"uagb_excerpt":"J\u00e1 est\u00e3o abertas as inscri\u00e7\u00f5es para o\u00a0II Simp\u00f3sio Summorum Pontificum de Uberl\u00e2ndia e Regi\u00e3o,\u00a0a se realizar em novembro deste ano, [&hellip;]","_links":{"self":[{"href":"https:\/\/colegiosantotomasuberlandia.org\/index.php?rest_route=\/wp\/v2\/posts\/8980","targetHints":{"allow":["GET"]}}],"collection":[{"href":"https:\/\/colegiosantotomasuberlandia.org\/index.php?rest_route=\/wp\/v2\/posts"}],"about":[{"href":"https:\/\/colegiosantotomasuberlandia.org\/index.php?rest_route=\/wp\/v2\/types\/post"}],"author":[{"embeddable":true,"href":"https:\/\/colegiosantotomasuberlandia.org\/index.php?rest_route=\/wp\/v2\/users\/2"}],"replies":[{"embeddable":true,"href":"https:\/\/colegiosantotomasuberlandia.org\/index.php?rest_route=%2Fwp%2Fv2%2Fcomments&post=8980"}],"version-history":[{"count":0,"href":"https:\/\/colegiosantotomasuberlandia.org\/index.php?rest_route=\/wp\/v2\/posts\/8980\/revisions"}],"wp:featuredmedia":[{"embeddable":true,"href":"https:\/\/colegiosantotomasuberlandia.org\/index.php?rest_route=\/"}],"wp:attachment":[{"href":"https:\/\/colegiosantotomasuberlandia.org\/index.php?rest_route=%2Fwp%2Fv2%2Fmedia&parent=8980"}],"wp:term":[{"taxonomy":"category","embeddable":true,"href":"https:\/\/colegiosantotomasuberlandia.org\/index.php?rest_route=%2Fwp%2Fv2%2Fcategories&post=8980"},{"taxonomy":"post_tag","embeddable":true,"href":"https:\/\/colegiosantotomasuberlandia.org\/index.php?rest_route=%2Fwp%2Fv2%2Ftags&post=8980"}],"curies":[{"name":"wp","href":"https:\/\/api.w.org\/{rel}","templated":true}]}}