{"id":8932,"date":"2019-01-31T20:16:17","date_gmt":"2019-01-31T22:16:17","guid":{"rendered":"https:\/\/colegiosantotomasuberlandia.org\/?p=8932"},"modified":"2019-01-31T20:16:17","modified_gmt":"2019-01-31T22:16:17","slug":"um-grande-educador-sao-joao-bosco","status":"publish","type":"post","link":"https:\/\/colegiosantotomasuberlandia.org\/?p=8932","title":{"rendered":"Um grande educador: S\u00e3o Jo\u00e3o Bosco"},"content":{"rendered":"<p style=\"text-align:justify;\">Encerrou-se no dia 28 de outubro passado a XV Assembleia Geral Ordin\u00e1ria do S\u00ednodo dos Bispos, dedicada aos jovens, que sempre foram objeto especial do cuidado da Igreja. Grandes santos se ocuparam da sua educa\u00e7\u00e3o, especialmente dos mais pobres. O cuidado dos pobres n\u00e3o \u00e9 apan\u00e1gio da \u00e9poca moderna, pois a Igreja, seguindo Jesus, sempre se ocupou deles.<\/p>\n<p style=\"text-align:justify;\">No s\u00e9culo XIX, um menino pobre, \u00f3rf\u00e3o de pai aos dois anos, que recebeu uma forte educa\u00e7\u00e3o humana e crist\u00e3 de sua m\u00e3e, Margarida, mulher simples, sem estudos, mas de muita f\u00e9, tornou-se o maior educador daquele s\u00e9culo e modelo de todos os educadores. Estamos falando do grande S\u00e3o Jo\u00e3o Bosco, cuja festa celebraremos amanh\u00e3, com os seus filhos salesianos.<\/p>\n<p style=\"text-align:justify;\">Estamos em Turim, It\u00e1lia, na \u00e9poca do come\u00e7o da industrializa\u00e7\u00e3o, com o problema decorrente da imigra\u00e7\u00e3o juvenil. Inundada de jovens procurando emprego, que nem sempre conseguiam, essa cidade oferecia ocasi\u00e3o para muitas desordens e perigos para essa juventude. \u00c9 nesse contexto que entra em a\u00e7\u00e3o o Padre Jo\u00e3o Bosco, Dom Bosco, como se chamam os padres na It\u00e1lia, como h\u00e1bil organizador de iniciativas, implantando um fant\u00e1stico sistema educacional que mais tarde se chamaria \u201csistema preventivo\u201d, fundado na raz\u00e3o, na religi\u00e3o e na amabilidade. E assim ele conquistou a juventude.<\/p>\n<p style=\"text-align:justify;\">Seu sistema de educa\u00e7\u00e3o consistia em prevenir as quedas, em tirar os jovens das ocasi\u00f5es de pecado. Vigil\u00e2ncia, palavrinha de conselho ao ouvido de cada um, compreens\u00e3o, amabilidade e amor no trato com os jovens, vida pessoal de ora\u00e7\u00e3o e uso dos sacramentos da Igreja, eram os seus instrumentos did\u00e1ticos e pedag\u00f3gicos. E todos o amavam e procuravam imitar. N\u00e3o seria esse o melhor m\u00e9todo para educar a nossa juventude t\u00e3o desnorteada hoje?!<\/p>\n<p style=\"text-align:justify;\">Enfrentando ataques violentos dos anticlericais, ele implantou o orat\u00f3rio festivo de Valdocco, enriqueceu-o de laborat\u00f3rios artesanais e profissionais, com escolas de artes e of\u00edcios para jovens trabalhadores e com escolas human\u00edsticas para os jovens encaminhados ao sacerd\u00f3cio. Em pouco tempo, j\u00e1 havia oitocentos jovens, provenientes das camadas populares da It\u00e1lia. E sua obra se espalhou por todo o mundo.<\/p>\n<p style=\"text-align:justify;\">Para assegurar o futuro de sua obra, fundou a Pia Sociedade de S\u00e3o Francisco de Sales, os Salesianos, e, com a ajuda da Irm\u00e3 Maria Mazzarello, o Instituto das Filhas de Maria Auxiliadora, das quais temos ilustres representantes em nossa cidade, dedicados \u00e0 educa\u00e7\u00e3o dos jovens. A eles e a elas a nossa homenagem e imensa gratid\u00e3o.<\/p>\n<p style=\"text-align:justify;\">S\u00e3o Jo\u00e3o Bosco foi considerado o novo S\u00e3o Vicente de Paulo, pela sua dedica\u00e7\u00e3o aos mais carentes. Foi grande escritor de livros populares, sobretudo para os jovens.<\/p>\n<p style=\"text-align:justify;\">Esse grande ap\u00f3stolo da juventude, exemplo para todos os educadores, faleceu santamente em 31 de janeiro de 1888. Foi proclamado pelo Papa Jo\u00e3o Paulo II \u201cpai e mestre dos jovens\u201d. Que S\u00e3o Jo\u00e3o Bosco proteja a nossa juventude!<\/p>\n<p><strong>Dom Fernando Rifan.<\/strong><\/p>\n<hr \/>\n<p><strong>Fonte:\u00a0<\/strong>http:\/\/domfernandorifan.blogspot.com\/2019\/01\/um-grande-educador_30.html<\/p>\n","protected":false},"excerpt":{"rendered":"<p>Encerrou-se no dia 28 de outubro passado a XV Assembleia Geral Ordin\u00e1ria do S\u00ednodo dos Bispos, dedicada aos jovens, que [&hellip;]<\/p>\n","protected":false},"author":2,"featured_media":8933,"comment_status":"open","ping_status":"open","sticky":false,"template":"","format":"standard","meta":{"_editorskit_title_hidden":false,"_editorskit_reading_time":0,"_editorskit_is_block_options_detached":false,"_editorskit_block_options_position":"{}","_uag_custom_page_level_css":"","site-sidebar-layout":"default","site-content-layout":"","ast-site-content-layout":"","site-content-style":"default","site-sidebar-style":"default","ast-global-header-display":"","ast-banner-title-visibility":"","ast-main-header-display":"","ast-hfb-above-header-display":"","ast-hfb-below-header-display":"","ast-hfb-mobile-header-display":"","site-post-title":"","ast-breadcrumbs-content":"","ast-featured-img":"","footer-sml-layout":"","theme-transparent-header-meta":"","adv-header-id-meta":"","stick-header-meta":"","header-above-stick-meta":"","header-main-stick-meta":"","header-below-stick-meta":"","astra-migrate-meta-layouts":"default","ast-page-background-enabled":"default","ast-page-background-meta":{"desktop":{"background-color":"var(--ast-global-color-4)","background-image":"","background-repeat":"repeat","background-position":"center center","background-size":"auto","background-attachment":"scroll","background-type":"","background-media":"","overlay-type":"","overlay-color":"","overlay-gradient":""},"tablet":{"background-color":"","background-image":"","background-repeat":"repeat","background-position":"center center","background-size":"auto","background-attachment":"scroll","background-type":"","background-media":"","overlay-type":"","overlay-color":"","overlay-gradient":""},"mobile":{"background-color":"","background-image":"","background-repeat":"repeat","background-position":"center center","background-size":"auto","background-attachment":"scroll","background-type":"","background-media":"","overlay-type":"","overlay-color":"","overlay-gradient":""}},"ast-content-background-meta":{"desktop":{"background-color":"var(--ast-global-color-5)","background-image":"","background-repeat":"repeat","background-position":"center center","background-size":"auto","background-attachment":"scroll","background-type":"","background-media":"","overlay-type":"","overlay-color":"","overlay-gradient":""},"tablet":{"background-color":"var(--ast-global-color-5)","background-image":"","background-repeat":"repeat","background-position":"center center","background-size":"auto","background-attachment":"scroll","background-type":"","background-media":"","overlay-type":"","overlay-color":"","overlay-gradient":""},"mobile":{"background-color":"var(--ast-global-color-5)","background-image":"","background-repeat":"repeat","background-position":"center center","background-size":"auto","background-attachment":"scroll","background-type":"","background-media":"","overlay-type":"","overlay-color":"","overlay-gradient":""}},"footnotes":""},"categories":[5],"tags":[8,13,14,15,22,33,45,52],"class_list":["post-8932","post","type-post","status-publish","format-standard","has-post-thumbnail","hentry","category-textos-e-artigos","tag-colegio-santo-tomas","tag-dom-bosco","tag-dom-fernando-rifan","tag-don-bosco","tag-fevereiro","tag-missa-tridentina","tag-sao-joao-bosco","tag-uberlandia"],"aioseo_notices":[],"uagb_featured_image_src":{"full":false,"thumbnail":false,"medium":false,"medium_large":false,"large":false,"1536x1536":false,"2048x2048":false},"uagb_author_info":{"display_name":"Colegio Santo Tomas","author_link":"https:\/\/colegiosantotomasuberlandia.org\/?author=2"},"uagb_comment_info":3,"uagb_excerpt":"Encerrou-se no dia 28 de outubro passado a XV Assembleia Geral Ordin\u00e1ria do S\u00ednodo dos Bispos, dedicada aos jovens, que [&hellip;]","_links":{"self":[{"href":"https:\/\/colegiosantotomasuberlandia.org\/index.php?rest_route=\/wp\/v2\/posts\/8932","targetHints":{"allow":["GET"]}}],"collection":[{"href":"https:\/\/colegiosantotomasuberlandia.org\/index.php?rest_route=\/wp\/v2\/posts"}],"about":[{"href":"https:\/\/colegiosantotomasuberlandia.org\/index.php?rest_route=\/wp\/v2\/types\/post"}],"author":[{"embeddable":true,"href":"https:\/\/colegiosantotomasuberlandia.org\/index.php?rest_route=\/wp\/v2\/users\/2"}],"replies":[{"embeddable":true,"href":"https:\/\/colegiosantotomasuberlandia.org\/index.php?rest_route=%2Fwp%2Fv2%2Fcomments&post=8932"}],"version-history":[{"count":0,"href":"https:\/\/colegiosantotomasuberlandia.org\/index.php?rest_route=\/wp\/v2\/posts\/8932\/revisions"}],"wp:featuredmedia":[{"embeddable":true,"href":"https:\/\/colegiosantotomasuberlandia.org\/index.php?rest_route=\/"}],"wp:attachment":[{"href":"https:\/\/colegiosantotomasuberlandia.org\/index.php?rest_route=%2Fwp%2Fv2%2Fmedia&parent=8932"}],"wp:term":[{"taxonomy":"category","embeddable":true,"href":"https:\/\/colegiosantotomasuberlandia.org\/index.php?rest_route=%2Fwp%2Fv2%2Fcategories&post=8932"},{"taxonomy":"post_tag","embeddable":true,"href":"https:\/\/colegiosantotomasuberlandia.org\/index.php?rest_route=%2Fwp%2Fv2%2Ftags&post=8932"}],"curies":[{"name":"wp","href":"https:\/\/api.w.org\/{rel}","templated":true}]}}